{"id":246,"date":"2013-07-17T08:46:12","date_gmt":"2013-07-17T06:46:12","guid":{"rendered":"https:\/\/noszczak.com\/blog\/?p=246"},"modified":"2020-11-17T09:52:18","modified_gmt":"2020-11-17T08:52:18","slug":"aheloy","status":"publish","type":"post","link":"https:\/\/noszczak.com\/?p=246","title":{"rendered":"Aheloy"},"content":{"rendered":"<p>Od wczoraj brygada znowu razem. Andrzej i ja wr\u00f3cili\u015bmy do Bu\u0142garii przed p\u00f3\u0142noc\u0105. Granica zaj\u0119\u0142a nam 15 minut. La\u0142 deszcz i by\u0142o na tyle zimno, ze za\u0142o\u017cyli\u015bmy podpinki. Po 7 dniach piekielnych upa\u0142\u00f3w, pierwszy deszcz. Nawet nie s\u0105dzi\u0142em, \u017ce b\u0119d\u0119 si\u0119 cieszy\u0142 z tego. Ale to tylko w g\u00f3rach. Za Burgas znowu gor\u0105c. Chocia\u017c s\u0105 chmury i jest przez to przyzwoitsza temperatura.<br \/>\nW czwartek o 8:00 startujemy w drog\u0119 powrotn\u0105. Do przejechania oko\u0142o 500 km czyli jakie\u015b 10 godzin. Celem jest miejscowo\u015b\u0107 Curtea de Arges w RO. Tam nocleg a kolejnego dnia przejazd Transfogarsk\u0105.<\/p>\n<figure id=\"attachment_251\" aria-describedby=\"caption-attachment-251\" style=\"width: 1024px\" class=\"wp-caption aligncenter\"><a href=\"http:\/\/noszczak.com\/?attachment_id=251\" rel=\"attachment wp-att-251\"><img data-recalc-dims=\"1\" loading=\"lazy\" decoding=\"async\" class=\" wp-image-251\" title=\"Widok z balkonu wynaj\u0119tego mieszkania\" alt=\"Widok z balkonu wynaj\u0119tego mieszkania\" src=\"https:\/\/i0.wp.com\/noszczak.com\/wp-content\/uploads\/turcja2013\/ygy6u8e4.jpg?resize=604%2C240\" width=\"604\" height=\"240\" srcset=\"https:\/\/i0.wp.com\/noszczak.com\/wp-content\/uploads\/turcja2013\/ygy6u8e4.jpg?w=1024&amp;ssl=1 1024w, https:\/\/i0.wp.com\/noszczak.com\/wp-content\/uploads\/turcja2013\/ygy6u8e4.jpg?resize=300%2C119&amp;ssl=1 300w, https:\/\/i0.wp.com\/noszczak.com\/wp-content\/uploads\/turcja2013\/ygy6u8e4.jpg?resize=768%2C305&amp;ssl=1 768w\" sizes=\"auto, (max-width: 604px) 100vw, 604px\" \/><\/a><figcaption id=\"caption-attachment-251\" class=\"wp-caption-text\">Widok z balkonu wynaj\u0119tego mieszkania<\/figcaption><\/figure>\n<p>&nbsp;<\/p>\n<figure id=\"attachment_248\" aria-describedby=\"caption-attachment-248\" style=\"width: 1024px\" class=\"wp-caption aligncenter\"><a href=\"http:\/\/noszczak.com\/?attachment_id=248\" rel=\"attachment wp-att-248\"><img data-recalc-dims=\"1\" loading=\"lazy\" decoding=\"async\" class=\" wp-image-248\" title=\"W oddali wida\u0107 nasze mieszkanie a po prawej zaparkowane motocykle\" alt=\"W oddali wida\u0107 nasze mieszkanie a po prawej zaparkowane motocykle\" src=\"https:\/\/i0.wp.com\/noszczak.com\/wp-content\/uploads\/turcja2013\/ra9e3u2u.jpg?resize=604%2C188\" width=\"604\" height=\"188\" srcset=\"https:\/\/i0.wp.com\/noszczak.com\/wp-content\/uploads\/turcja2013\/ra9e3u2u.jpg?w=1024&amp;ssl=1 1024w, https:\/\/i0.wp.com\/noszczak.com\/wp-content\/uploads\/turcja2013\/ra9e3u2u.jpg?resize=300%2C93&amp;ssl=1 300w, https:\/\/i0.wp.com\/noszczak.com\/wp-content\/uploads\/turcja2013\/ra9e3u2u.jpg?resize=768%2C239&amp;ssl=1 768w\" sizes=\"auto, (max-width: 604px) 100vw, 604px\" \/><\/a><figcaption id=\"caption-attachment-248\" class=\"wp-caption-text\">W oddali wida\u0107 nasze mieszkanie a po prawej zaparkowane motocykle<\/figcaption><\/figure>\n<figure id=\"attachment_247\" aria-describedby=\"caption-attachment-247\" style=\"width: 1024px\" class=\"wp-caption aligncenter\"><a href=\"http:\/\/noszczak.com\/?attachment_id=247\" rel=\"attachment wp-att-247\"><img data-recalc-dims=\"1\" loading=\"lazy\" decoding=\"async\" class=\" wp-image-247\" title=\"Lokalny bar\" alt=\"Lokalny bar\" src=\"https:\/\/i0.wp.com\/noszczak.com\/wp-content\/uploads\/turcja2013\/6yruva6a.jpg?resize=604%2C453\" width=\"604\" height=\"453\" srcset=\"https:\/\/i0.wp.com\/noszczak.com\/wp-content\/uploads\/turcja2013\/6yruva6a.jpg?w=1024&amp;ssl=1 1024w, https:\/\/i0.wp.com\/noszczak.com\/wp-content\/uploads\/turcja2013\/6yruva6a.jpg?resize=300%2C225&amp;ssl=1 300w, https:\/\/i0.wp.com\/noszczak.com\/wp-content\/uploads\/turcja2013\/6yruva6a.jpg?resize=768%2C576&amp;ssl=1 768w\" sizes=\"auto, (max-width: 604px) 100vw, 604px\" \/><\/a><figcaption id=\"caption-attachment-247\" class=\"wp-caption-text\">Lokalny bar<\/figcaption><\/figure>\n<figure id=\"attachment_249\" aria-describedby=\"caption-attachment-249\" style=\"width: 768px\" class=\"wp-caption aligncenter\"><a href=\"http:\/\/noszczak.com\/?attachment_id=249\" rel=\"attachment wp-att-249\"><img data-recalc-dims=\"1\" loading=\"lazy\" decoding=\"async\" class=\" wp-image-249\" title=\"Andrzej z Myslovitz\" alt=\"Andrzej z Myslovitz\" src=\"https:\/\/i0.wp.com\/noszczak.com\/wp-content\/uploads\/turcja2013\/u2uqyrap.jpg?resize=604%2C805\" width=\"604\" height=\"805\" srcset=\"https:\/\/i0.wp.com\/noszczak.com\/wp-content\/uploads\/turcja2013\/u2uqyrap.jpg?w=768&amp;ssl=1 768w, https:\/\/i0.wp.com\/noszczak.com\/wp-content\/uploads\/turcja2013\/u2uqyrap.jpg?resize=225%2C300&amp;ssl=1 225w\" sizes=\"auto, (max-width: 604px) 100vw, 604px\" \/><\/a><figcaption id=\"caption-attachment-249\" class=\"wp-caption-text\">Andrzej z Myslovitz<\/figcaption><\/figure>\n","protected":false},"excerpt":{"rendered":"<p>Od wczoraj brygada znowu razem. Andrzej i ja wr\u00f3cili\u015bmy do Bu\u0142garii przed p\u00f3\u0142noc\u0105. Granica zaj\u0119\u0142a nam 15 minut. La\u0142 deszcz i by\u0142o na tyle zimno, ze za\u0142o\u017cyli\u015bmy podpinki. Po 7 dniach piekielnych upa\u0142\u00f3w, pierwszy deszcz. Nawet nie s\u0105dzi\u0142em, \u017ce b\u0119d\u0119 si\u0119 cieszy\u0142 z tego. Ale to tylko w g\u00f3rach. Za Burgas znowu gor\u0105c. Chocia\u017c s\u0105 &hellip; <a href=\"https:\/\/noszczak.com\/?p=246\" class=\"more-link\">Czytaj dalej <span class=\"screen-reader-text\">Aheloy<\/span> <span class=\"meta-nav\">&rarr;<\/span><\/a><\/p>\n","protected":false},"author":1,"featured_media":0,"comment_status":"closed","ping_status":"open","sticky":false,"template":"","format":"standard","meta":{"_crdt_document":"","jetpack_post_was_ever_published":false,"_jetpack_newsletter_access":"","_jetpack_dont_email_post_to_subs":false,"_jetpack_newsletter_tier_id":0,"_jetpack_memberships_contains_paywalled_content":false,"_jetpack_memberships_contains_paid_content":false,"footnotes":""},"categories":[2],"tags":[15],"class_list":["post-246","post","type-post","status-publish","format-standard","hentry","category-turcja-2013","tag-bulgaria"],"jetpack_featured_media_url":"","jetpack_sharing_enabled":true,"jetpack_shortlink":"https:\/\/wp.me\/saBe65-aheloy","_links":{"self":[{"href":"https:\/\/noszczak.com\/index.php?rest_route=\/wp\/v2\/posts\/246","targetHints":{"allow":["GET"]}}],"collection":[{"href":"https:\/\/noszczak.com\/index.php?rest_route=\/wp\/v2\/posts"}],"about":[{"href":"https:\/\/noszczak.com\/index.php?rest_route=\/wp\/v2\/types\/post"}],"author":[{"embeddable":true,"href":"https:\/\/noszczak.com\/index.php?rest_route=\/wp\/v2\/users\/1"}],"replies":[{"embeddable":true,"href":"https:\/\/noszczak.com\/index.php?rest_route=%2Fwp%2Fv2%2Fcomments&post=246"}],"version-history":[{"count":4,"href":"https:\/\/noszczak.com\/index.php?rest_route=\/wp\/v2\/posts\/246\/revisions"}],"predecessor-version":[{"id":756,"href":"https:\/\/noszczak.com\/index.php?rest_route=\/wp\/v2\/posts\/246\/revisions\/756"}],"wp:attachment":[{"href":"https:\/\/noszczak.com\/index.php?rest_route=%2Fwp%2Fv2%2Fmedia&parent=246"}],"wp:term":[{"taxonomy":"category","embeddable":true,"href":"https:\/\/noszczak.com\/index.php?rest_route=%2Fwp%2Fv2%2Fcategories&post=246"},{"taxonomy":"post_tag","embeddable":true,"href":"https:\/\/noszczak.com\/index.php?rest_route=%2Fwp%2Fv2%2Ftags&post=246"}],"curies":[{"name":"wp","href":"https:\/\/api.w.org\/{rel}","templated":true}]}}