{"id":287,"date":"2013-07-20T19:05:47","date_gmt":"2013-07-20T17:05:47","guid":{"rendered":"https:\/\/noszczak.com\/blog\/?p=287"},"modified":"2020-11-17T09:52:18","modified_gmt":"2020-11-17T08:52:18","slug":"ordea","status":"publish","type":"post","link":"https:\/\/noszczak.com\/?p=287","title":{"rendered":"Oradea"},"content":{"rendered":"<p>Nocujemy w Oradea w RO. Dzi\u015b wiecz\u00f3r jest ostatnim dniem re\u017cimu wyjazdowego. Ustalono, ze od godziny 2AM. Ka\u017cdy mo\u017ce robi\u0107 &#8222;co chce&#8221;. Kris z Magirusem planuj\u0105 wyjazd do domu w \u015brodku nocy. Ja planuje pobudk\u0119 o 3am i wyjazd godzin\u0119 p\u00f3\u017aniej. Mam 850 km do Warszawy i musz\u0119 to jako\u015b obs\u0142u\u017cy\u0107. Zobaczymy czy te odwa\u017cne plany uda nam si\u0119 spe\u0142ni\u0107.<\/p>\n<p><a href=\"http:\/\/noszczak.com\/?attachment_id=272\" rel=\"attachment wp-att-272\"><img data-recalc-dims=\"1\" loading=\"lazy\" decoding=\"async\" class=\"aligncenter size-full wp-image-272\" alt=\"daju9y6e\" src=\"https:\/\/i0.wp.com\/noszczak.com\/wp-content\/uploads\/turcja2013\/daju9y6e.jpg?resize=604%2C805\" width=\"604\" height=\"805\" srcset=\"https:\/\/i0.wp.com\/noszczak.com\/wp-content\/uploads\/turcja2013\/daju9y6e.jpg?w=768&amp;ssl=1 768w, https:\/\/i0.wp.com\/noszczak.com\/wp-content\/uploads\/turcja2013\/daju9y6e.jpg?resize=225%2C300&amp;ssl=1 225w\" sizes=\"auto, (max-width: 604px) 100vw, 604px\" \/><\/a> <a href=\"http:\/\/noszczak.com\/?attachment_id=271\" rel=\"attachment wp-att-271\"><img data-recalc-dims=\"1\" loading=\"lazy\" decoding=\"async\" class=\"aligncenter size-full wp-image-271\" alt=\"8etysyru\" src=\"https:\/\/i0.wp.com\/noszczak.com\/wp-content\/uploads\/turcja2013\/8etysyru.jpg?resize=604%2C201\" width=\"604\" height=\"201\" srcset=\"https:\/\/i0.wp.com\/noszczak.com\/wp-content\/uploads\/turcja2013\/8etysyru.jpg?w=1024&amp;ssl=1 1024w, https:\/\/i0.wp.com\/noszczak.com\/wp-content\/uploads\/turcja2013\/8etysyru.jpg?resize=300%2C100&amp;ssl=1 300w, https:\/\/i0.wp.com\/noszczak.com\/wp-content\/uploads\/turcja2013\/8etysyru.jpg?resize=768%2C256&amp;ssl=1 768w\" sizes=\"auto, (max-width: 604px) 100vw, 604px\" \/><\/a> <a href=\"http:\/\/noszczak.com\/?attachment_id=273\" rel=\"attachment wp-att-273\"><img data-recalc-dims=\"1\" loading=\"lazy\" decoding=\"async\" class=\"aligncenter size-full wp-image-273\" alt=\"yju7u6u7\" src=\"https:\/\/i0.wp.com\/noszczak.com\/wp-content\/uploads\/turcja2013\/yju7u6u7.jpg?resize=604%2C176\" width=\"604\" height=\"176\" srcset=\"https:\/\/i0.wp.com\/noszczak.com\/wp-content\/uploads\/turcja2013\/yju7u6u7.jpg?w=1024&amp;ssl=1 1024w, https:\/\/i0.wp.com\/noszczak.com\/wp-content\/uploads\/turcja2013\/yju7u6u7.jpg?resize=300%2C87&amp;ssl=1 300w, https:\/\/i0.wp.com\/noszczak.com\/wp-content\/uploads\/turcja2013\/yju7u6u7.jpg?resize=768%2C224&amp;ssl=1 768w\" sizes=\"auto, (max-width: 604px) 100vw, 604px\" \/><\/a><\/p>\n","protected":false},"excerpt":{"rendered":"<p>Nocujemy w Oradea w RO. Dzi\u015b wiecz\u00f3r jest ostatnim dniem re\u017cimu wyjazdowego. Ustalono, ze od godziny 2AM. Ka\u017cdy mo\u017ce robi\u0107 &#8222;co chce&#8221;. Kris z Magirusem planuj\u0105 wyjazd do domu w \u015brodku nocy. Ja planuje pobudk\u0119 o 3am i wyjazd godzin\u0119 p\u00f3\u017aniej. Mam 850 km do Warszawy i musz\u0119 to jako\u015b obs\u0142u\u017cy\u0107. Zobaczymy czy te odwa\u017cne &hellip; <a href=\"https:\/\/noszczak.com\/?p=287\" class=\"more-link\">Czytaj dalej <span class=\"screen-reader-text\">Oradea<\/span> <span class=\"meta-nav\">&rarr;<\/span><\/a><\/p>\n","protected":false},"author":1,"featured_media":0,"comment_status":"closed","ping_status":"open","sticky":false,"template":"","format":"standard","meta":{"_crdt_document":"","jetpack_post_was_ever_published":false,"_jetpack_newsletter_access":"","_jetpack_dont_email_post_to_subs":false,"_jetpack_newsletter_tier_id":0,"_jetpack_memberships_contains_paywalled_content":false,"_jetpack_memberships_contains_paid_content":false,"footnotes":""},"categories":[2],"tags":[],"class_list":["post-287","post","type-post","status-publish","format-standard","hentry","category-turcja-2013"],"jetpack_featured_media_url":"","jetpack_sharing_enabled":true,"jetpack_shortlink":"https:\/\/wp.me\/saBe65-ordea","_links":{"self":[{"href":"https:\/\/noszczak.com\/index.php?rest_route=\/wp\/v2\/posts\/287","targetHints":{"allow":["GET"]}}],"collection":[{"href":"https:\/\/noszczak.com\/index.php?rest_route=\/wp\/v2\/posts"}],"about":[{"href":"https:\/\/noszczak.com\/index.php?rest_route=\/wp\/v2\/types\/post"}],"author":[{"embeddable":true,"href":"https:\/\/noszczak.com\/index.php?rest_route=\/wp\/v2\/users\/1"}],"replies":[{"embeddable":true,"href":"https:\/\/noszczak.com\/index.php?rest_route=%2Fwp%2Fv2%2Fcomments&post=287"}],"version-history":[{"count":3,"href":"https:\/\/noszczak.com\/index.php?rest_route=\/wp\/v2\/posts\/287\/revisions"}],"predecessor-version":[{"id":753,"href":"https:\/\/noszczak.com\/index.php?rest_route=\/wp\/v2\/posts\/287\/revisions\/753"}],"wp:attachment":[{"href":"https:\/\/noszczak.com\/index.php?rest_route=%2Fwp%2Fv2%2Fmedia&parent=287"}],"wp:term":[{"taxonomy":"category","embeddable":true,"href":"https:\/\/noszczak.com\/index.php?rest_route=%2Fwp%2Fv2%2Fcategories&post=287"},{"taxonomy":"post_tag","embeddable":true,"href":"https:\/\/noszczak.com\/index.php?rest_route=%2Fwp%2Fv2%2Ftags&post=287"}],"curies":[{"name":"wp","href":"https:\/\/api.w.org\/{rel}","templated":true}]}}