{"id":351,"date":"2012-08-11T20:02:00","date_gmt":"2012-08-11T18:02:00","guid":{"rendered":"https:\/\/noszczak.com\/blog\/?p=351"},"modified":"2020-11-17T09:52:20","modified_gmt":"2020-11-17T08:52:20","slug":"wstep-2","status":"publish","type":"post","link":"https:\/\/noszczak.com\/?p=351","title":{"rendered":"Norwegia 2012 &#8211; wst\u0119p"},"content":{"rendered":"<p>Nigdy nie widzia\u0142em na w\u0142asne oczy fiord\u00f3w Norwegii wi\u0119c gdy pod koniec 2011 roku pojawi\u0142o si\u0119 zaproszenie do udzia\u0142u w wycieczce, nie waha\u0142em si\u0119 zbyt d\u0142ugo. Szczeg\u00f3lnie, \u017ce propozycja pad\u0142a od Joasi70 \u2013 czyli solidnej firmy, kt\u00f3rej mo\u017cna ufa\u0107, a o jej wyprawach mo\u017cna przeczyta\u0107 na portalu w dziale Relacje i Wyprawy.<br \/>\nPocz\u0105tkowo wygl\u0105da\u0142o na to, \u017ce zbierze si\u0119 poka\u017ana grupa, jednak wraz z up\u0142ywem czasu ilo\u015b\u0107 ch\u0119tnych topnia\u0142a, a\u017c ostatecznie pozosta\u0142a dw\u00f3jka \u015bmia\u0142k\u00f3w: Joasia70 i xmarcinx, oboje na Burgmanach 650.<br \/>\n9 dniowy plan obejmowa\u0142: wyjazd z Polski, spotkanie pod Berlinem, zwiedzanie i nocleg w Lubece, przejazd przez Dani\u0119 do promu w Hirtshals, przep\u0142yni\u0119cie do Kristiansand, przejazd drog\u0105 44, nocleg w Egersund, wej\u015bcie na szczyt Preikestolen, nocleg w Lofthus, przejazd \u015anie\u017cn\u0105 Drog\u0105, przejazd Z\u0142ot\u0105 Drog\u0105, sk\u0142adaj\u0105c\u0105 si\u0119 z Drogi Or\u0142\u00f3w i Drogi Trolli, nocleg w Mjelva, powr\u00f3t przez Oslo do Larvik, prom do Danii i powr\u00f3t do domu. Wysz\u0142o w sumie 4440 km xmarcinx i 4375 km Joasia<br \/>\nUda\u0142o si\u0119. Los oszcz\u0119dzi\u0142 nam niemi\u0142ych przyg\u00f3d, a co wi\u0119cej \u2013 pogoda by\u0142a przepi\u0119kna. \u015awieci\u0142o s\u0142o\u0144ce a na niebie prawie nie by\u0142o chmur. Mo\u017cna by\u0142o rozkoszowa\u0107 si\u0119 blisko\u015bci\u0105 przyrody i wdycha\u0107 g\u0142\u0119boko w p\u0142uca norweskie czyste powietrze. I tak przez ca\u0142y wyjazd.<br \/>\n<a href=\"https:\/\/i0.wp.com\/noszczak.com\/wp-content\/uploads\/norwegia2012\/mapa.jpg\"><img data-recalc-dims=\"1\" loading=\"lazy\" decoding=\"async\" src=\"https:\/\/i0.wp.com\/noszczak.com\/wp-content\/uploads\/norwegia2012\/mapa.jpg?resize=604%2C746\" alt=\"mapa\" width=\"604\" height=\"746\" class=\"aligncenter size-full wp-image-354\" srcset=\"https:\/\/i0.wp.com\/noszczak.com\/wp-content\/uploads\/norwegia2012\/mapa.jpg?w=789&amp;ssl=1 789w, https:\/\/i0.wp.com\/noszczak.com\/wp-content\/uploads\/norwegia2012\/mapa.jpg?resize=243%2C300&amp;ssl=1 243w, https:\/\/i0.wp.com\/noszczak.com\/wp-content\/uploads\/norwegia2012\/mapa.jpg?resize=768%2C948&amp;ssl=1 768w\" sizes=\"auto, (max-width: 604px) 100vw, 604px\" \/><\/a><\/p>\n","protected":false},"excerpt":{"rendered":"<p>Nigdy nie widzia\u0142em na w\u0142asne oczy fiord\u00f3w Norwegii wi\u0119c gdy pod koniec 2011 roku pojawi\u0142o si\u0119 zaproszenie do udzia\u0142u w wycieczce, nie waha\u0142em si\u0119 zbyt d\u0142ugo. Szczeg\u00f3lnie, \u017ce propozycja pad\u0142a od Joasi70 \u2013 czyli solidnej firmy, kt\u00f3rej mo\u017cna ufa\u0107, a o jej wyprawach mo\u017cna przeczyta\u0107 na portalu w dziale Relacje i Wyprawy. Pocz\u0105tkowo wygl\u0105da\u0142o na &hellip; <a href=\"https:\/\/noszczak.com\/?p=351\" class=\"more-link\">Czytaj dalej <span class=\"screen-reader-text\">Norwegia 2012 &#8211; wst\u0119p<\/span> <span class=\"meta-nav\">&rarr;<\/span><\/a><\/p>\n","protected":false},"author":1,"featured_media":0,"comment_status":"closed","ping_status":"open","sticky":false,"template":"","format":"standard","meta":{"_crdt_document":"","jetpack_post_was_ever_published":false,"_jetpack_newsletter_access":"","_jetpack_dont_email_post_to_subs":false,"_jetpack_newsletter_tier_id":0,"_jetpack_memberships_contains_paywalled_content":false,"_jetpack_memberships_contains_paid_content":false,"footnotes":""},"categories":[17],"tags":[34],"class_list":["post-351","post","type-post","status-publish","format-standard","hentry","category-norwegia-2012","tag-fiordy"],"jetpack_featured_media_url":"","jetpack_sharing_enabled":true,"jetpack_shortlink":"https:\/\/wp.me\/paBe65-5F","_links":{"self":[{"href":"https:\/\/noszczak.com\/index.php?rest_route=\/wp\/v2\/posts\/351","targetHints":{"allow":["GET"]}}],"collection":[{"href":"https:\/\/noszczak.com\/index.php?rest_route=\/wp\/v2\/posts"}],"about":[{"href":"https:\/\/noszczak.com\/index.php?rest_route=\/wp\/v2\/types\/post"}],"author":[{"embeddable":true,"href":"https:\/\/noszczak.com\/index.php?rest_route=\/wp\/v2\/users\/1"}],"replies":[{"embeddable":true,"href":"https:\/\/noszczak.com\/index.php?rest_route=%2Fwp%2Fv2%2Fcomments&post=351"}],"version-history":[{"count":4,"href":"https:\/\/noszczak.com\/index.php?rest_route=\/wp\/v2\/posts\/351\/revisions"}],"predecessor-version":[{"id":783,"href":"https:\/\/noszczak.com\/index.php?rest_route=\/wp\/v2\/posts\/351\/revisions\/783"}],"wp:attachment":[{"href":"https:\/\/noszczak.com\/index.php?rest_route=%2Fwp%2Fv2%2Fmedia&parent=351"}],"wp:term":[{"taxonomy":"category","embeddable":true,"href":"https:\/\/noszczak.com\/index.php?rest_route=%2Fwp%2Fv2%2Fcategories&post=351"},{"taxonomy":"post_tag","embeddable":true,"href":"https:\/\/noszczak.com\/index.php?rest_route=%2Fwp%2Fv2%2Ftags&post=351"}],"curies":[{"name":"wp","href":"https:\/\/api.w.org\/{rel}","templated":true}]}}