{"id":9847,"date":"2019-11-23T00:30:00","date_gmt":"2019-11-22T22:30:00","guid":{"rendered":"https:\/\/noszczak.com\/?p=9847"},"modified":"2020-11-17T09:48:21","modified_gmt":"2020-11-17T08:48:21","slug":"z-buenos-aires-do-rio-de-janeiro","status":"publish","type":"post","link":"https:\/\/noszczak.com\/?p=9847","title":{"rendered":"Z Buenos Aires do Rio de Janeiro"},"content":{"rendered":"\n<p class=\"wp-block-paragraph\">W planach fajny wyjazd. W dwa tygodnie mamy zamiar odwiedzi\u0107 cztery du\u017ce miasta Ameryki Po\u0142udniowej: Buenos Aires &#8211; stolic\u0119 Argentyny, Montevideo &#8211; stolic\u0119 Urugwaju, Sao Paulo oraz Rio de Janeiro w Brazylii.<\/p>\n\n\n\n<p class=\"wp-block-paragraph\">Na ka\u017cde miasto przypada 3-4 dni. Jak zwykle ma\u0142o czasu. Nic na to nie poradz\u0119. P\u00f3ki pracujemy zawodowo, zawsze b\u0119dzie trzeba mie\u015bci\u0107 si\u0119 w kilku tygodniach. A tak pi\u0119knie by by\u0142o mie\u0107 kilka miesi\u0119cy na zwiedzanie. <\/p>\n\n\n\n<p class=\"wp-block-paragraph\">Z Warszawy, przez Rzym, lecimy do Buenos. Stamt\u0105d statkiem p\u0142yniemy do Montevideo, dalej samolotem do Sao Paulo i autobusem do Rio de Janeiro.<\/p>\n\n\n\n<p class=\"wp-block-paragraph\">Startujemy w poniedzia\u0142ek!<\/p>\n\n\n\n<figure class=\"wp-block-image size-large\"><img data-recalc-dims=\"1\" loading=\"lazy\" decoding=\"async\" width=\"604\" height=\"446\" src=\"https:\/\/i0.wp.com\/noszczak.com\/wp-content\/uploads\/Buenos2Rio-schemat.jpg?resize=604%2C446&#038;ssl=1\" alt=\"\" class=\"wp-image-9856\" srcset=\"https:\/\/i0.wp.com\/noszczak.com\/wp-content\/uploads\/Buenos2Rio-schemat.jpg?w=977&amp;ssl=1 977w, https:\/\/i0.wp.com\/noszczak.com\/wp-content\/uploads\/Buenos2Rio-schemat.jpg?resize=300%2C222&amp;ssl=1 300w, https:\/\/i0.wp.com\/noszczak.com\/wp-content\/uploads\/Buenos2Rio-schemat.jpg?resize=768%2C568&amp;ssl=1 768w\" sizes=\"auto, (max-width: 604px) 100vw, 604px\" \/><\/figure>\n\n\n\n<figure class=\"wp-block-embed-spotify wp-block-embed is-type-rich is-provider-spotify wp-embed-aspect-9-16 wp-has-aspect-ratio\"><div class=\"wp-block-embed__wrapper\">\n<iframe title=\"Spotify Embed: Boskie Buenos\" style=\"border-radius: 12px\" width=\"100%\" height=\"152\" frameborder=\"0\" allowfullscreen allow=\"autoplay; clipboard-write; encrypted-media; fullscreen; picture-in-picture\" loading=\"lazy\" src=\"https:\/\/open.spotify.com\/embed\/track\/0EauD1ypehCUFYIVyZLy2i?si=Ih2BRBlJS0iR86ixC3y4Yg&#038;utm_source=oembed\"><\/iframe>\n<\/div><\/figure>\n\n\n\n<hr class=\"wp-block-separator\"\/>\n\n\n\n<p class=\"wp-block-paragraph\"><strong>[Aktualizacja]<\/strong><\/p>\n\n\n\n<p class=\"wp-block-paragraph\">Do poniedzia\u0142ku dwa dni. Spok\u00f3j i du\u017co czasu na spakowanie. W planach jeszcze jakie\u015b zakupy i spotkania. Nie mo\u017cna popada\u0107 w lenistwo, lecz po\u015bpiech jest zb\u0119dny. Do czasu. Ot\u00f3\u017c Alitalia przesy\u0142a sms a zaraz potem email, informuj\u0105c \u017ce lot do Rzymu zosta\u0142 odwo\u0142any i celem podj\u0119cia dalszych krok\u00f3w nale\u017cy si\u0119 zg\u0142osi\u0107 do po\u015brednika, u kt\u00f3rego kupowa\u0142o si\u0119 bilety. Co za informacja!<br \/><\/p>\n\n\n\n<p class=\"wp-block-paragraph\">Dzwoni\u0119 to eSky, gdzie kupowa\u0142em bilety i przedstawiam problem. \u017badnych zmian w swoich systemach nie widz\u0105 i umawiamy si\u0119, \u017ce oddzwoni\u0105 jak dowiedz\u0105 si\u0119 o co chodzi. Wracam do pracy ale po kilku godzinach dzwoni\u0119 do Alitalia. Dowiaduj\u0119 si\u0119, \u017ce przyczyn\u0105 jest strajk personelu, zaplanowany na dzie\u0144 naszego wylotu. Najgorsze jednak jest to, \u017ce nie tylko z Warszawy do Rzymu ale tak\u017ce z Rzymu do Buenos Aires, samolot zosta\u0142 odwo\u0142any. <\/p>\n\n\n\n<p class=\"wp-block-paragraph\">Firma proponuje wylot trzy dni p\u00f3\u017aniej. To jest nie do przyj\u0119cia. Bior\u0105c pod uwag\u0119 nasz plan, to b\u0119dziemy wtedy p\u0142yn\u0105\u0107 do Urugwaju. Badam inne mo\u017cliwo\u015bci. Jest szansa aby lecie\u0107 jutro, czyli dwa dni przed planowan\u0105 dat\u0105. Zosta\u0142y ostatnie 4 miejsca w samolocie. Decydujemy si\u0119 na to. Troch\u0119 szale\u0144stwo, ale lepsze zyskanie dw\u00f3ch dni ni\u017c utrata czterech.<\/p>\n\n\n\n<p class=\"wp-block-paragraph\">Wiecz\u00f3r i pocz\u0105tek nocy up\u0142ywa na praniu i pakowaniu, \u017ceby o dziewi\u0105tej rano nast\u0119pnego dnia wyruszy\u0107 na lotnisko na samolot do Rzymu.<\/p>\n\n\n\n<p class=\"wp-block-paragraph\"><a href=\"https:\/\/www.alitalia.com\/en_it\/fly-alitalia\/news-and-activities\/news\/info-strike-25-november.html\" target=\"_blank\" rel=\"noreferrer noopener\" aria-label=\"https:\/\/www.alitalia.com\/en_it\/fly-alitalia\/news-and-activities\/news\/info-strike-25-november.html (opens in a new tab)\">https:\/\/www.alitalia.com\/en_it\/fly-alitalia\/news-and-activities\/news\/info-strike-25-november.html<\/a><\/p>\n","protected":false},"excerpt":{"rendered":"<p>W planach fajny wyjazd. W dwa tygodnie mamy zamiar odwiedzi\u0107 cztery du\u017ce miasta Ameryki Po\u0142udniowej: Buenos Aires &#8211; stolic\u0119 Argentyny, Montevideo &#8211; stolic\u0119 Urugwaju, Sao Paulo oraz Rio de Janeiro w Brazylii. Na ka\u017cde miasto przypada 3-4 dni. Jak zwykle ma\u0142o czasu. Nic na to nie poradz\u0119. P\u00f3ki pracujemy zawodowo, zawsze b\u0119dzie trzeba mie\u015bci\u0107 si\u0119 &hellip; <a href=\"https:\/\/noszczak.com\/?p=9847\" class=\"more-link\">Czytaj dalej <span class=\"screen-reader-text\">Z Buenos Aires do Rio de Janeiro<\/span> <span class=\"meta-nav\">&rarr;<\/span><\/a><\/p>\n","protected":false},"author":1,"featured_media":0,"comment_status":"closed","ping_status":"open","sticky":false,"template":"","format":"standard","meta":{"_crdt_document":"","jetpack_post_was_ever_published":false,"_jetpack_newsletter_access":"","_jetpack_dont_email_post_to_subs":false,"_jetpack_newsletter_tier_id":0,"_jetpack_memberships_contains_paywalled_content":false,"_jetpack_memberships_contains_paid_content":false,"footnotes":""},"categories":[226],"tags":[],"class_list":["post-9847","post","type-post","status-publish","format-standard","hentry","category-z-buenos-do-rio"],"jetpack_featured_media_url":"","jetpack_sharing_enabled":true,"jetpack_shortlink":"https:\/\/wp.me\/paBe65-2yP","_links":{"self":[{"href":"https:\/\/noszczak.com\/index.php?rest_route=\/wp\/v2\/posts\/9847","targetHints":{"allow":["GET"]}}],"collection":[{"href":"https:\/\/noszczak.com\/index.php?rest_route=\/wp\/v2\/posts"}],"about":[{"href":"https:\/\/noszczak.com\/index.php?rest_route=\/wp\/v2\/types\/post"}],"author":[{"embeddable":true,"href":"https:\/\/noszczak.com\/index.php?rest_route=\/wp\/v2\/users\/1"}],"replies":[{"embeddable":true,"href":"https:\/\/noszczak.com\/index.php?rest_route=%2Fwp%2Fv2%2Fcomments&post=9847"}],"version-history":[{"count":17,"href":"https:\/\/noszczak.com\/index.php?rest_route=\/wp\/v2\/posts\/9847\/revisions"}],"predecessor-version":[{"id":9869,"href":"https:\/\/noszczak.com\/index.php?rest_route=\/wp\/v2\/posts\/9847\/revisions\/9869"}],"wp:attachment":[{"href":"https:\/\/noszczak.com\/index.php?rest_route=%2Fwp%2Fv2%2Fmedia&parent=9847"}],"wp:term":[{"taxonomy":"category","embeddable":true,"href":"https:\/\/noszczak.com\/index.php?rest_route=%2Fwp%2Fv2%2Fcategories&post=9847"},{"taxonomy":"post_tag","embeddable":true,"href":"https:\/\/noszczak.com\/index.php?rest_route=%2Fwp%2Fv2%2Ftags&post=9847"}],"curies":[{"name":"wp","href":"https:\/\/api.w.org\/{rel}","templated":true}]}}